{"id":1613,"date":"2023-05-30T08:20:13","date_gmt":"2023-05-30T08:20:13","guid":{"rendered":"http:\/\/sqoysdv.cluster031.hosting.ovh.net\/?p=1613"},"modified":"2023-05-30T08:20:13","modified_gmt":"2023-05-30T08:20:13","slug":"seminario-de-actualizacion-anual-de-tecnicos-deportivos-y-maestros-de-taekwondo","status":"publish","type":"post","link":"https:\/\/jansudo.com\/index.php\/2023\/05\/30\/seminario-de-actualizacion-anual-de-tecnicos-deportivos-y-maestros-de-taekwondo\/","title":{"rendered":"SEMINARIO DE ACTUALIZACI\u00d3N ANUAL DE T\u00c9CNICOS DEPORTIVOS y MAESTROS DE TAEKWONDO"},"content":{"rendered":"\n<p>El pasado S\u00e1bado en el &#8220;&#8221; SEMINARIO DE ACTUALIZACI\u00d3N ANUAL DE T\u00c9CNICOS DEPORTIVOS y MAESTROS DE TAEKWONDO &#8220;&#8221; celebrado en Mollina a trav\u00e9s de la Federaci\u00f3n Andaluza de Taekwondo .<\/p>\n\n\n\n<p>Un servidor siempre a la Vanguardia para el bien de nuestros Alumnos .<\/p>\n\n\n\n<p>Much\u00edsimas Gracias a la Federaci\u00f3n Andaluza y a nuestro Presidente <a href=\"https:\/\/www.facebook.com\/ismael.bernabalortega?__cft__[0]=AZV6sGTFnGhqXMNOfFvw8vZk059PVi8Smj035v-4oqj3KWx_Mb1hvb1F-x6eyDRCluW6PT2lwuKZnjJWXVjtRohkg6no04fB6P7J8X1WtLQDFtmDjP9KZHfcIFWIc9jp2tlMupYVV2hUTUa_WUI4OGtQpLKN2WOKVqooEvWdsO3foA&amp;__tn__=-]K-R\">Ismael Bernabal Ortega<\/a> . Ha sido un placer volver a encontrarme con compa\u00f1eros que formamos la antigua escuela pioneros del Taekwondo en Andalucia y Espa\u00f1a <a><\/a><img loading=\"lazy\" decoding=\"async\" height=\"16\" width=\"16\" alt=\"\ud83e\udd4b\" src=\"https:\/\/static.xx.fbcdn.net\/images\/emoji.php\/v9\/t3f\/1\/16\/1f94b.png\"><img loading=\"lazy\" decoding=\"async\" height=\"16\" width=\"16\" alt=\"\ud83e\udd4b\" src=\"https:\/\/static.xx.fbcdn.net\/images\/emoji.php\/v9\/t3f\/1\/16\/1f94b.png\"><img loading=\"lazy\" decoding=\"async\" height=\"16\" width=\"16\" alt=\"\ud83e\udd4b\" src=\"https:\/\/static.xx.fbcdn.net\/images\/emoji.php\/v9\/t3f\/1\/16\/1f94b.png\"><img loading=\"lazy\" decoding=\"async\" height=\"16\" width=\"16\" alt=\"\ud83d\ude4f\" src=\"https:\/\/static.xx.fbcdn.net\/images\/emoji.php\/v9\/t80\/1\/16\/1f64f.png\"><img loading=\"lazy\" decoding=\"async\" height=\"16\" width=\"16\" alt=\"\ud83d\ude4f\" src=\"https:\/\/static.xx.fbcdn.net\/images\/emoji.php\/v9\/t80\/1\/16\/1f64f.png\"><\/p>\n\n\n\n<p>CLUB TAEGUK MAESTRO FRANCIS tu Club Oficial de JANSU DO y TAEKWONDO W.T de FUENGIROLA y MIJAS &#8211;<\/p>\n\n\n\n<p>Maestro Francis Fundador del Arte Marcial Espa\u00f1ol JANSU DO<\/p>\n\n\n\n<p>Maestro Entrenador Nacional<\/p>\n\n\n\n<p>Cintur\u00f3n Negro 7\u00b0 Dan de Taekwondo W.T<\/p>\n\n\n\n<p>44 A\u00f1os en el Aprendizaje &#8211; Practica y Ense\u00f1anza de las Artes Marciales y la Defensa Personal<\/p>\n\n\n\n<figure class=\"wp-block-gallery has-nested-images columns-default is-cropped wp-block-gallery-1 is-layout-flex wp-block-gallery-is-layout-flex\">\n<figure class=\"wp-block-image size-large\"><img loading=\"lazy\" decoding=\"async\" width=\"960\" height=\"678\" data-id=\"1614\" src=\"http:\/\/sqoysdv.cluster031.hosting.ovh.net\/wp-content\/uploads\/2023\/05\/345030701_610420371022408_1253720781654533246_n.jpg\" alt=\"\" class=\"wp-image-1614\" srcset=\"https:\/\/jansudo.com\/wp-content\/uploads\/2023\/05\/345030701_610420371022408_1253720781654533246_n.jpg 960w, https:\/\/jansudo.com\/wp-content\/uploads\/2023\/05\/345030701_610420371022408_1253720781654533246_n-300x212.jpg 300w, https:\/\/jansudo.com\/wp-content\/uploads\/2023\/05\/345030701_610420371022408_1253720781654533246_n-768x542.jpg 768w\" sizes=\"auto, (max-width: 960px) 100vw, 960px\" \/><\/figure>\n\n\n\n<figure class=\"wp-block-image size-large\"><img loading=\"lazy\" decoding=\"async\" width=\"960\" height=\"540\" data-id=\"1615\" src=\"http:\/\/sqoysdv.cluster031.hosting.ovh.net\/wp-content\/uploads\/2023\/05\/345034465_276714134788175_1100420244742425472_n.jpg\" alt=\"\" class=\"wp-image-1615\" srcset=\"https:\/\/jansudo.com\/wp-content\/uploads\/2023\/05\/345034465_276714134788175_1100420244742425472_n.jpg 960w, https:\/\/jansudo.com\/wp-content\/uploads\/2023\/05\/345034465_276714134788175_1100420244742425472_n-300x169.jpg 300w, https:\/\/jansudo.com\/wp-content\/uploads\/2023\/05\/345034465_276714134788175_1100420244742425472_n-768x432.jpg 768w\" sizes=\"auto, (max-width: 960px) 100vw, 960px\" \/><\/figure>\n\n\n\n<figure class=\"wp-block-image size-large\"><img loading=\"lazy\" decoding=\"async\" width=\"960\" height=\"512\" data-id=\"1616\" src=\"http:\/\/sqoysdv.cluster031.hosting.ovh.net\/wp-content\/uploads\/2023\/05\/345647886_1317613845490163_417695732637109451_n.jpg\" alt=\"\" class=\"wp-image-1616\" srcset=\"https:\/\/jansudo.com\/wp-content\/uploads\/2023\/05\/345647886_1317613845490163_417695732637109451_n.jpg 960w, https:\/\/jansudo.com\/wp-content\/uploads\/2023\/05\/345647886_1317613845490163_417695732637109451_n-300x160.jpg 300w, https:\/\/jansudo.com\/wp-content\/uploads\/2023\/05\/345647886_1317613845490163_417695732637109451_n-768x410.jpg 768w\" sizes=\"auto, (max-width: 960px) 100vw, 960px\" \/><\/figure>\n<\/figure>\n","protected":false},"excerpt":{"rendered":"<p>El pasado S\u00e1bado en el &#8220;&#8221; SEMINARIO DE ACTUALIZACI\u00d3N ANUAL DE T\u00c9CNICOS DEPORTIVOS y MAESTROS DE TAEKWONDO &#8220;&#8221; celebrado en Mollina a trav\u00e9s de la Federaci\u00f3n Andaluza de Taekwondo . Un servidor siempre a la Vanguardia para el bien de nuestros Alumnos . Much\u00edsimas Gracias a la Federaci\u00f3n Andaluza y a nuestro Presidente Ismael Bernabal [&hellip;]<\/p>\n","protected":false},"author":1,"featured_media":0,"comment_status":"open","ping_status":"open","sticky":false,"template":"","format":"standard","meta":{"ngg_post_thumbnail":0,"pgc_sgb_lightbox_settings":"","footnotes":""},"categories":[1],"tags":[],"class_list":["post-1613","post","type-post","status-publish","format-standard","hentry","category-sin-categoria"],"_links":{"self":[{"href":"https:\/\/jansudo.com\/index.php\/wp-json\/wp\/v2\/posts\/1613","targetHints":{"allow":["GET"]}}],"collection":[{"href":"https:\/\/jansudo.com\/index.php\/wp-json\/wp\/v2\/posts"}],"about":[{"href":"https:\/\/jansudo.com\/index.php\/wp-json\/wp\/v2\/types\/post"}],"author":[{"embeddable":true,"href":"https:\/\/jansudo.com\/index.php\/wp-json\/wp\/v2\/users\/1"}],"replies":[{"embeddable":true,"href":"https:\/\/jansudo.com\/index.php\/wp-json\/wp\/v2\/comments?post=1613"}],"version-history":[{"count":1,"href":"https:\/\/jansudo.com\/index.php\/wp-json\/wp\/v2\/posts\/1613\/revisions"}],"predecessor-version":[{"id":1617,"href":"https:\/\/jansudo.com\/index.php\/wp-json\/wp\/v2\/posts\/1613\/revisions\/1617"}],"wp:attachment":[{"href":"https:\/\/jansudo.com\/index.php\/wp-json\/wp\/v2\/media?parent=1613"}],"wp:term":[{"taxonomy":"category","embeddable":true,"href":"https:\/\/jansudo.com\/index.php\/wp-json\/wp\/v2\/categories?post=1613"},{"taxonomy":"post_tag","embeddable":true,"href":"https:\/\/jansudo.com\/index.php\/wp-json\/wp\/v2\/tags?post=1613"}],"curies":[{"name":"wp","href":"https:\/\/api.w.org\/{rel}","templated":true}]}}